{"id":4575,"date":"2016-11-05T23:17:57","date_gmt":"2016-11-05T22:17:57","guid":{"rendered":"http:\/\/www.anaiscallens.com\/photographies\/?p=4575"},"modified":"2016-11-06T21:29:34","modified_gmt":"2016-11-06T20:29:34","slug":"et-pendant-ce-temps-la","status":"publish","type":"post","link":"https:\/\/www.anaiscallens.com\/photographies\/2016\/11\/05\/et-pendant-ce-temps-la\/","title":{"rendered":"Et pendant ce temps-l\u00e0&#8230;"},"content":{"rendered":"<p>regretter que ce lieu magique se fasse abattre&#8230;<\/p>\n<p>Le\u00a0<b>ch\u00e2teau de Noisy<\/b>, \u00e9galement appel\u00e9 <b>ch\u00e2teau Miranda<\/b>, est un ch\u00e2teau n\u00e9o-gothique,\u00a0situ\u00e9 \u00e0 Celles en Belgique.<\/p>\n<p>Construit en 1866, finit en\u00a01907, abandonn\u00e9 en 1990,\u00a0aujourd&rsquo;hui en cours de d\u00e9molition&#8230;<\/p>\n<p>Triste constat du manque de fiert\u00e9 des belges quant \u00e0 notre patrimoine.<br \/>\nEn France, les Ch\u00e2teaux sont entretenus, ils attirent le tourisme. Ici, pas besoin de Daesh, nous nous chargeons de la d\u00e9molition de notre propre patrimoine.<br \/>\nQuelle tristesse&#8230;\u00a0<span class=\"_47e3\" title=\"\u00e9motic\u00f4ne frown\"><img loading=\"lazy\" decoding=\"async\" class=\"img\" src=\"https:\/\/static.xx.fbcdn.net\/images\/emoji.php\/v5\/f6a\/2\/16\/1f641.png\" alt=\"\" width=\"16\" height=\"16\" \/><\/span><\/p>\n<p>Plus d&rsquo;images :<\/p>\n<blockquote data-secret=\"5kIhg6BbSs\" class=\"wp-embedded-content\"><p><a href=\"http:\/\/www.anaiscallens.com\/photographies\/lens_galleries\/chateau-miranda\/\">Chateau Miranda<\/a><\/p><\/blockquote>\n<p><iframe loading=\"lazy\" class=\"wp-embedded-content\" sandbox=\"allow-scripts\" security=\"restricted\" style=\"position: absolute; clip: rect(1px, 1px, 1px, 1px);\" src=\"http:\/\/www.anaiscallens.com\/photographies\/lens_galleries\/chateau-miranda\/embed\/#?secret=5kIhg6BbSs\" data-secret=\"5kIhg6BbSs\" width=\"600\" height=\"338\" title=\"&laquo;&nbsp;Chateau Miranda&nbsp;&raquo; &#8212; Anais Callens Photographies\" frameborder=\"0\" marginwidth=\"0\" marginheight=\"0\" scrolling=\"no\"><\/iframe><\/p>\n<p>#chateaumiranda #demolition #patrimoine #urbex #explorationurbaine<\/p>\n<p>&nbsp;<\/p>\n<p>&nbsp;<\/p>\n<p>&nbsp;<\/p>\n","protected":false},"excerpt":{"rendered":"<p>regretter que ce lieu magique se fasse abattre&#8230; Le\u00a0ch\u00e2teau de Noisy, \u00e9galement appel\u00e9 ch\u00e2teau Miranda, est un ch\u00e2teau n\u00e9o-gothique,\u00a0situ\u00e9 \u00e0 Celles en Belgique. Construit en 1866, finit en\u00a01907, abandonn\u00e9 en 1990,\u00a0aujourd&rsquo;hui en cours de d\u00e9molition&#8230; Triste constat du manque de fiert\u00e9 des belges quant \u00e0 notre patrimoine. En France, les Ch\u00e2teaux sont entretenus, ils attirent le tourisme. Ici, pas besoin de Daesh, nous nous chargeons de la d\u00e9molition de notre propre patrimoine. Quelle tristesse&#8230;\u00a0 Plus d&rsquo;images : Chateau Miranda #chateaumiranda #demolition #patrimoine #urbex #explorationurbaine &nbsp; &nbsp; &nbsp;<\/p>\n","protected":false},"author":1,"featured_media":4443,"comment_status":"open","ping_status":"open","sticky":false,"template":"","format":"image","meta":{"footnotes":""},"categories":[19],"tags":[18],"class_list":["post-4575","post","type-post","status-publish","format-image","has-post-thumbnail","hentry","category-urbex","tag-urbex","post_format-post-format-image"],"_links":{"self":[{"href":"https:\/\/www.anaiscallens.com\/photographies\/wp-json\/wp\/v2\/posts\/4575","targetHints":{"allow":["GET"]}}],"collection":[{"href":"https:\/\/www.anaiscallens.com\/photographies\/wp-json\/wp\/v2\/posts"}],"about":[{"href":"https:\/\/www.anaiscallens.com\/photographies\/wp-json\/wp\/v2\/types\/post"}],"author":[{"embeddable":true,"href":"https:\/\/www.anaiscallens.com\/photographies\/wp-json\/wp\/v2\/users\/1"}],"replies":[{"embeddable":true,"href":"https:\/\/www.anaiscallens.com\/photographies\/wp-json\/wp\/v2\/comments?post=4575"}],"version-history":[{"count":9,"href":"https:\/\/www.anaiscallens.com\/photographies\/wp-json\/wp\/v2\/posts\/4575\/revisions"}],"predecessor-version":[{"id":4606,"href":"https:\/\/www.anaiscallens.com\/photographies\/wp-json\/wp\/v2\/posts\/4575\/revisions\/4606"}],"wp:featuredmedia":[{"embeddable":true,"href":"https:\/\/www.anaiscallens.com\/photographies\/wp-json\/wp\/v2\/media\/4443"}],"wp:attachment":[{"href":"https:\/\/www.anaiscallens.com\/photographies\/wp-json\/wp\/v2\/media?parent=4575"}],"wp:term":[{"taxonomy":"category","embeddable":true,"href":"https:\/\/www.anaiscallens.com\/photographies\/wp-json\/wp\/v2\/categories?post=4575"},{"taxonomy":"post_tag","embeddable":true,"href":"https:\/\/www.anaiscallens.com\/photographies\/wp-json\/wp\/v2\/tags?post=4575"}],"curies":[{"name":"wp","href":"https:\/\/api.w.org\/{rel}","templated":true}]}}