{"id":4595,"date":"2016-10-25T23:39:30","date_gmt":"2016-10-25T22:39:30","guid":{"rendered":"http:\/\/www.anaiscallens.com\/photographies\/?p=4595"},"modified":"2016-11-06T22:08:58","modified_gmt":"2016-11-06T21:08:58","slug":"tom-barman-taxiwars","status":"publish","type":"post","link":"https:\/\/www.anaiscallens.com\/photographies\/2016\/10\/25\/tom-barman-taxiwars\/","title":{"rendered":"Tom Barman &#038; TaxiWars"},"content":{"rendered":"<p>immense plaisir de capturer TaxiWars mais aussi, pour ne pas dire surtout, Tom Barman lors de l&rsquo;AeroJazz \u00e0 L&rsquo;A\u00e9ronef.<br \/>\nsimplement, yeah!<\/p>\n<p>une belle s\u00e9rie d&rsquo;images \u00e0 venir&#8230;<\/p>\n","protected":false},"excerpt":{"rendered":"<p>immense plaisir de capturer TaxiWars mais aussi, pour ne pas dire surtout, Tom Barman lors de l&rsquo;AeroJazz \u00e0 L&rsquo;A\u00e9ronef. simplement, yeah! une belle s\u00e9rie d&rsquo;images \u00e0 venir&#8230;<\/p>\n","protected":false},"author":1,"featured_media":4395,"comment_status":"open","ping_status":"open","sticky":false,"template":"","format":"image","meta":{"footnotes":""},"categories":[24,21,23,22],"tags":[],"class_list":["post-4595","post","type-post","status-publish","format-image","has-post-thumbnail","hentry","category-instants-magiques","category-life","category-life-is-music","category-photography","post_format-post-format-image"],"_links":{"self":[{"href":"https:\/\/www.anaiscallens.com\/photographies\/wp-json\/wp\/v2\/posts\/4595","targetHints":{"allow":["GET"]}}],"collection":[{"href":"https:\/\/www.anaiscallens.com\/photographies\/wp-json\/wp\/v2\/posts"}],"about":[{"href":"https:\/\/www.anaiscallens.com\/photographies\/wp-json\/wp\/v2\/types\/post"}],"author":[{"embeddable":true,"href":"https:\/\/www.anaiscallens.com\/photographies\/wp-json\/wp\/v2\/users\/1"}],"replies":[{"embeddable":true,"href":"https:\/\/www.anaiscallens.com\/photographies\/wp-json\/wp\/v2\/comments?post=4595"}],"version-history":[{"count":1,"href":"https:\/\/www.anaiscallens.com\/photographies\/wp-json\/wp\/v2\/posts\/4595\/revisions"}],"predecessor-version":[{"id":4596,"href":"https:\/\/www.anaiscallens.com\/photographies\/wp-json\/wp\/v2\/posts\/4595\/revisions\/4596"}],"wp:featuredmedia":[{"embeddable":true,"href":"https:\/\/www.anaiscallens.com\/photographies\/wp-json\/wp\/v2\/media\/4395"}],"wp:attachment":[{"href":"https:\/\/www.anaiscallens.com\/photographies\/wp-json\/wp\/v2\/media?parent=4595"}],"wp:term":[{"taxonomy":"category","embeddable":true,"href":"https:\/\/www.anaiscallens.com\/photographies\/wp-json\/wp\/v2\/categories?post=4595"},{"taxonomy":"post_tag","embeddable":true,"href":"https:\/\/www.anaiscallens.com\/photographies\/wp-json\/wp\/v2\/tags?post=4595"}],"curies":[{"name":"wp","href":"https:\/\/api.w.org\/{rel}","templated":true}]}}