{"id":4602,"date":"2016-10-23T23:22:51","date_gmt":"2016-10-23T22:22:51","guid":{"rendered":"http:\/\/www.anaiscallens.com\/photographies\/?p=4602"},"modified":"2016-11-06T21:29:13","modified_gmt":"2016-11-06T20:29:13","slug":"enjoy-the-silence","status":"publish","type":"post","link":"https:\/\/www.anaiscallens.com\/photographies\/2016\/10\/23\/enjoy-the-silence\/","title":{"rendered":"Enjoy the silence"},"content":{"rendered":"<p>endosser le sac, s&rsquo;accorder quelques heures. se retrouver face \u00e0 soi-m\u00eame, la t\u00eate envahie par la brume. et puis, s&rsquo;oublier, faire le vide. ouf, une minute, une heure, une \u00e9ternit\u00e9, \u00e9couter le silence, observer le tableau. profiter de l&rsquo;instant, quelle chance&#8230;<\/p>\n<p><img loading=\"lazy\" decoding=\"async\" class=\"alignnone size-medium wp-image-4184\" src=\"http:\/\/www.anaiscallens.com\/photographies\/wp-content\/uploads\/2016\/10\/36a7530-200x300.jpg\" alt=\"Enjoy the silence\" width=\"200\" height=\"300\" srcset=\"https:\/\/www.anaiscallens.com\/photographies\/wp-content\/uploads\/2016\/10\/36a7530-200x300.jpg 200w, https:\/\/www.anaiscallens.com\/photographies\/wp-content\/uploads\/2016\/10\/36a7530-600x900.jpg 600w, https:\/\/www.anaiscallens.com\/photographies\/wp-content\/uploads\/2016\/10\/36a7530.jpg 683w, https:\/\/www.anaiscallens.com\/photographies\/wp-content\/uploads\/2016\/10\/36a7530-500x750.jpg 500w\" sizes=\"auto, (max-width: 200px) 100vw, 200px\" \/>\u00a0<img loading=\"lazy\" decoding=\"async\" class=\"alignnone size-medium wp-image-4603\" src=\"http:\/\/www.anaiscallens.com\/photographies\/wp-content\/uploads\/2016\/11\/36a7492-3-200x300.jpg\" alt=\"enjoy the silence\" width=\"200\" height=\"300\" srcset=\"https:\/\/www.anaiscallens.com\/photographies\/wp-content\/uploads\/2016\/11\/36a7492-3-200x300.jpg 200w, https:\/\/www.anaiscallens.com\/photographies\/wp-content\/uploads\/2016\/11\/36a7492-3-600x900.jpg 600w, https:\/\/www.anaiscallens.com\/photographies\/wp-content\/uploads\/2016\/11\/36a7492-3.jpg 683w, https:\/\/www.anaiscallens.com\/photographies\/wp-content\/uploads\/2016\/11\/36a7492-3-500x750.jpg 500w\" sizes=\"auto, (max-width: 200px) 100vw, 200px\" \/>\u00a0<img loading=\"lazy\" decoding=\"async\" class=\"alignnone size-medium wp-image-4186\" src=\"http:\/\/www.anaiscallens.com\/photographies\/wp-content\/uploads\/2016\/10\/36a7536-200x300.jpg\" alt=\"Enjoy the silence\" width=\"200\" height=\"300\" srcset=\"https:\/\/www.anaiscallens.com\/photographies\/wp-content\/uploads\/2016\/10\/36a7536-200x300.jpg 200w, https:\/\/www.anaiscallens.com\/photographies\/wp-content\/uploads\/2016\/10\/36a7536-600x900.jpg 600w, https:\/\/www.anaiscallens.com\/photographies\/wp-content\/uploads\/2016\/10\/36a7536.jpg 683w, https:\/\/www.anaiscallens.com\/photographies\/wp-content\/uploads\/2016\/10\/36a7536-500x750.jpg 500w\" sizes=\"auto, (max-width: 200px) 100vw, 200px\" \/><\/p>\n","protected":false},"excerpt":{"rendered":"<p>endosser le sac, s&rsquo;accorder quelques heures. se retrouver face \u00e0 soi-m\u00eame, la t\u00eate envahie par la brume. et puis, s&rsquo;oublier, faire le vide. ouf, une minute, une heure, une \u00e9ternit\u00e9, \u00e9couter le silence, observer le tableau. profiter de l&rsquo;instant, quelle chance&#8230; \u00a0\u00a0<\/p>\n","protected":false},"author":1,"featured_media":4191,"comment_status":"open","ping_status":"open","sticky":false,"template":"","format":"image","meta":{"footnotes":""},"categories":[24,21,22],"tags":[],"class_list":["post-4602","post","type-post","status-publish","format-image","has-post-thumbnail","hentry","category-instants-magiques","category-life","category-photography","post_format-post-format-image"],"_links":{"self":[{"href":"https:\/\/www.anaiscallens.com\/photographies\/wp-json\/wp\/v2\/posts\/4602","targetHints":{"allow":["GET"]}}],"collection":[{"href":"https:\/\/www.anaiscallens.com\/photographies\/wp-json\/wp\/v2\/posts"}],"about":[{"href":"https:\/\/www.anaiscallens.com\/photographies\/wp-json\/wp\/v2\/types\/post"}],"author":[{"embeddable":true,"href":"https:\/\/www.anaiscallens.com\/photographies\/wp-json\/wp\/v2\/users\/1"}],"replies":[{"embeddable":true,"href":"https:\/\/www.anaiscallens.com\/photographies\/wp-json\/wp\/v2\/comments?post=4602"}],"version-history":[{"count":2,"href":"https:\/\/www.anaiscallens.com\/photographies\/wp-json\/wp\/v2\/posts\/4602\/revisions"}],"predecessor-version":[{"id":4605,"href":"https:\/\/www.anaiscallens.com\/photographies\/wp-json\/wp\/v2\/posts\/4602\/revisions\/4605"}],"wp:featuredmedia":[{"embeddable":true,"href":"https:\/\/www.anaiscallens.com\/photographies\/wp-json\/wp\/v2\/media\/4191"}],"wp:attachment":[{"href":"https:\/\/www.anaiscallens.com\/photographies\/wp-json\/wp\/v2\/media?parent=4602"}],"wp:term":[{"taxonomy":"category","embeddable":true,"href":"https:\/\/www.anaiscallens.com\/photographies\/wp-json\/wp\/v2\/categories?post=4602"},{"taxonomy":"post_tag","embeddable":true,"href":"https:\/\/www.anaiscallens.com\/photographies\/wp-json\/wp\/v2\/tags?post=4602"}],"curies":[{"name":"wp","href":"https:\/\/api.w.org\/{rel}","templated":true}]}}