{"id":7181,"date":"2017-02-05T08:56:23","date_gmt":"2017-02-05T07:56:23","guid":{"rendered":"http:\/\/www.anaiscallens.com\/photographies\/?p=7181"},"modified":"2017-05-09T08:57:38","modified_gmt":"2017-05-09T07:57:38","slug":"cali-a-cet-instant-je-pense-a-toi","status":"publish","type":"post","link":"https:\/\/www.anaiscallens.com\/photographies\/2017\/02\/05\/cali-a-cet-instant-je-pense-a-toi\/","title":{"rendered":"Cali, \u00e0 cet instant je pense \u00e0 toi."},"content":{"rendered":"<p>&#8211; retour d\u2019une soir\u00e9e magique &#8211;<br \/>\nseul en sc\u00e8ne, face \u00e0 une salle comble, l\u2019artiste nous invite dans son intimit\u00e9, et ce, pendant bient\u00f4t 3h.<br \/>\npur. intense. plein de sensibilit\u00e9&#8230;<br \/>\nau del\u00e0 de la setlist : anecdotes, passages litt\u00e9raires, morceaux de vie, extraits audios..<span class=\"text_exposed_show\"><br \/>\nune chance unique de voir un homme vrai, engag\u00e9, entier.<\/span><\/p>\n<div class=\"text_exposed_show\">\n<p>pas de tr\u00e9sors visuels aujourd\u2019hui : la beaut\u00e9 impose le respect.<br \/>\njuste un clich\u00e9 souvenir issu d\u2019un appareil de fortune.<\/p>\n<\/div>\n","protected":false},"excerpt":{"rendered":"<p>&#8211; retour d\u2019une soir\u00e9e magique &#8211; seul en sc\u00e8ne, face \u00e0 une salle comble, l\u2019artiste nous invite dans son intimit\u00e9, et ce, pendant bient\u00f4t 3h. pur. intense. plein de sensibilit\u00e9&#8230; au del\u00e0 de la setlist : anecdotes, passages litt\u00e9raires, morceaux de vie, extraits audios.. une chance unique de voir un homme vrai, engag\u00e9, entier. pas de tr\u00e9sors visuels aujourd\u2019hui : la beaut\u00e9 impose le respect. juste un clich\u00e9 souvenir issu d\u2019un appareil de fortune.<\/p>\n","protected":false},"author":1,"featured_media":7182,"comment_status":"open","ping_status":"open","sticky":false,"template":"","format":"image","meta":{"footnotes":""},"categories":[23],"tags":[],"class_list":["post-7181","post","type-post","status-publish","format-image","has-post-thumbnail","hentry","category-life-is-music","post_format-post-format-image"],"_links":{"self":[{"href":"https:\/\/www.anaiscallens.com\/photographies\/wp-json\/wp\/v2\/posts\/7181","targetHints":{"allow":["GET"]}}],"collection":[{"href":"https:\/\/www.anaiscallens.com\/photographies\/wp-json\/wp\/v2\/posts"}],"about":[{"href":"https:\/\/www.anaiscallens.com\/photographies\/wp-json\/wp\/v2\/types\/post"}],"author":[{"embeddable":true,"href":"https:\/\/www.anaiscallens.com\/photographies\/wp-json\/wp\/v2\/users\/1"}],"replies":[{"embeddable":true,"href":"https:\/\/www.anaiscallens.com\/photographies\/wp-json\/wp\/v2\/comments?post=7181"}],"version-history":[{"count":1,"href":"https:\/\/www.anaiscallens.com\/photographies\/wp-json\/wp\/v2\/posts\/7181\/revisions"}],"predecessor-version":[{"id":7183,"href":"https:\/\/www.anaiscallens.com\/photographies\/wp-json\/wp\/v2\/posts\/7181\/revisions\/7183"}],"wp:featuredmedia":[{"embeddable":true,"href":"https:\/\/www.anaiscallens.com\/photographies\/wp-json\/wp\/v2\/media\/7182"}],"wp:attachment":[{"href":"https:\/\/www.anaiscallens.com\/photographies\/wp-json\/wp\/v2\/media?parent=7181"}],"wp:term":[{"taxonomy":"category","embeddable":true,"href":"https:\/\/www.anaiscallens.com\/photographies\/wp-json\/wp\/v2\/categories?post=7181"},{"taxonomy":"post_tag","embeddable":true,"href":"https:\/\/www.anaiscallens.com\/photographies\/wp-json\/wp\/v2\/tags?post=7181"}],"curies":[{"name":"wp","href":"https:\/\/api.w.org\/{rel}","templated":true}]}}